{"id":41,"date":"2008-11-16T13:50:19","date_gmt":"2008-11-16T11:50:19","guid":{"rendered":"http:\/\/www.sporin.de\/forum\/?p=41"},"modified":"2013-07-22T17:01:11","modified_gmt":"2013-07-22T15:01:11","slug":"fragen-ueber-fragen","status":"publish","type":"post","link":"http:\/\/www.sporin.de\/forum\/wochte-am-sonntag\/fragen-ueber-fragen\/","title":{"rendered":"Wochte am Sonntag: Fragen \u00fcber Fragen"},"content":{"rendered":"<p style=\"text-align: justify;\">&#8230; schon das nette Sesamstra\u00dfenerkennungslied wusste: &#8222;Wer nicht fragt bleibt dumm&#8220;.<\/p>\n<p style=\"text-align: justify;\">Interessant ist es zu beobachten, dass Fragen (auch pers\u00f6nliche) kaum zu gemein sein k\u00f6nnen, als dass der Befragte es einem wirklich \u00fcbel nimmt. Eher f\u00fchlt er sich angenehm entlarvt und erleichtert. Er nennt das dann: &#8222;Auf den Punkt getroffen!&#8220; &#8211; Voraussetzung ist freilich etwas Fingerspitzengef\u00fchl f\u00fcr die rechte Situation.<\/p>\n<p style=\"text-align: justify;\">Nach diesem ersten Dienst, dessen gro\u00dfe Akzeptanz wohl psychologisch eng mit dem Ph\u00e4nomen des &#8222;Sich von der Seele Redens oder Nehmens&#8220; zusammen h\u00e4ngt, sollte der Befragte dann allerdings nicht alleingelassen werden, sondern umfassend und so objektiv wie m\u00f6glich den Spiegel vorgehalten bekommen. Sozusagen die volle Breitseite erhalten. Denn auch wenn es ihm selbst nicht so bewusst ist oder er es von sich aus vielleicht nicht so formulieren kann, es verlangt ihm jetzt danach.<\/p>\n<p style=\"text-align: justify;\">So objektiv wie m\u00f6glich lie\u00dfe sich wom\u00f6glich folgenderma\u00dfen definieren, wenn wir schon dabei sind:<br \/>\n&#8222;Ohne eigene Eitelkeit unter Zuhilfenahme aller Erfahrung und Reife.&#8220;<br \/>\nDas ist gewiss kein Pappenstiel und auch gar nicht immer auf die Schnelle und vor allem \u00fcberall leicht hinzukriegen.<br \/>\nAndersherum betrachtet, wahrhaft eine ordentliche Herausforderung, aber es lohnt sich ja am End&#8216; f\u00fcr beide, nicht wahr? &#8211; Warum eigentlich f\u00fcr den anderen? &#8211; Sei &#8217;s drum!<br \/>\nAlso flei\u00dfig \u00fcben, ausprobieren, beobachten und weitersagen &#8230; oder lieber nicht?<br \/>\n___<\/p>\n","protected":false},"excerpt":{"rendered":"<p>&#8230; schon das nette Sesamstra\u00dfenerkennungslied wusste: &#8222;Wer nicht fragt bleibt dumm&#8220;. Interessant ist es zu beobachten, dass Fragen (auch pers\u00f6nliche) kaum zu gemein sein k\u00f6nnen, als dass der Befragte es einem wirklich \u00fcbel nimmt. Eher f\u00fchlt er sich angenehm entlarvt &hellip; <a href=\"http:\/\/www.sporin.de\/forum\/wochte-am-sonntag\/fragen-ueber-fragen\/\">Lesen fortsetzen <span class=\"meta-nav\">&rarr;<\/span><\/a><\/p>\n","protected":false},"author":1,"featured_media":0,"comment_status":"open","ping_status":"open","sticky":false,"template":"","format":"standard","meta":{"footnotes":""},"categories":[87],"tags":[94,86,91,92,85,93,83,90,84,89,88,830,81,82],"class_list":["post-41","post","type-post","status-publish","format-standard","hentry","category-wochte-am-sonntag","tag-auf-den-punkt","tag-dummbleiben","tag-eitelkeit","tag-erfahrung","tag-fragen","tag-herausforderung","tag-reden","tag-reife","tag-sesamstrase","tag-spiegel","tag-von-der-seele-reden","tag-wochte-am-sonntag","tag-worte","tag-worter"],"_links":{"self":[{"href":"http:\/\/www.sporin.de\/forum\/wp-json\/wp\/v2\/posts\/41","targetHints":{"allow":["GET"]}}],"collection":[{"href":"http:\/\/www.sporin.de\/forum\/wp-json\/wp\/v2\/posts"}],"about":[{"href":"http:\/\/www.sporin.de\/forum\/wp-json\/wp\/v2\/types\/post"}],"author":[{"embeddable":true,"href":"http:\/\/www.sporin.de\/forum\/wp-json\/wp\/v2\/users\/1"}],"replies":[{"embeddable":true,"href":"http:\/\/www.sporin.de\/forum\/wp-json\/wp\/v2\/comments?post=41"}],"version-history":[{"count":21,"href":"http:\/\/www.sporin.de\/forum\/wp-json\/wp\/v2\/posts\/41\/revisions"}],"predecessor-version":[{"id":1118,"href":"http:\/\/www.sporin.de\/forum\/wp-json\/wp\/v2\/posts\/41\/revisions\/1118"}],"wp:attachment":[{"href":"http:\/\/www.sporin.de\/forum\/wp-json\/wp\/v2\/media?parent=41"}],"wp:term":[{"taxonomy":"category","embeddable":true,"href":"http:\/\/www.sporin.de\/forum\/wp-json\/wp\/v2\/categories?post=41"},{"taxonomy":"post_tag","embeddable":true,"href":"http:\/\/www.sporin.de\/forum\/wp-json\/wp\/v2\/tags?post=41"}],"curies":[{"name":"wp","href":"https:\/\/api.w.org\/{rel}","templated":true}]}}