{"id":1566,"date":"2026-03-02T00:08:07","date_gmt":"2026-03-01T22:08:07","guid":{"rendered":"http:\/\/www.sporin.de\/forum\/?p=1566"},"modified":"2026-03-02T14:18:45","modified_gmt":"2026-03-02T12:18:45","slug":"freie-sozialisten-oder-bauherr-im-schafspelz","status":"publish","type":"post","link":"http:\/\/www.sporin.de\/forum\/plattschuss-aktuell\/freie-sozialisten-oder-bauherr-im-schafspelz\/","title":{"rendered":"Freie Sozialisten oder Bauherr im Schafspelz?"},"content":{"rendered":"\n<div class=\"wp-block-media-text is-stacked-on-mobile\" style=\"grid-template-columns:41% auto\"><figure class=\"wp-block-media-text__media\"><img loading=\"lazy\" decoding=\"async\" width=\"768\" height=\"1024\" src=\"http:\/\/www.sporin.de\/forum\/sporin.de\/forum\/wp-content\/uploads\/2026\/03\/IMG_20251226_195039_566-768x1024.jpg\" alt=\"Wahlplakat J\u00f6rg Hoffmann OB-Kandidat der FDP: Lass uns den Wohnraum erh\u00f6hen. Nicht deine Miete\" class=\"wp-image-1567 size-full\" srcset=\"http:\/\/www.sporin.de\/forum\/sporin.de\/forum\/wp-content\/uploads\/2026\/03\/IMG_20251226_195039_566-768x1024.jpg 768w, http:\/\/www.sporin.de\/forum\/sporin.de\/forum\/wp-content\/uploads\/2026\/03\/IMG_20251226_195039_566-225x300.jpg 225w, http:\/\/www.sporin.de\/forum\/sporin.de\/forum\/wp-content\/uploads\/2026\/03\/IMG_20251226_195039_566-1152x1536.jpg 1152w, http:\/\/www.sporin.de\/forum\/sporin.de\/forum\/wp-content\/uploads\/2026\/03\/IMG_20251226_195039_566.jpg 1512w\" sizes=\"auto, (max-width: 768px) 100vw, 768px\" \/><\/figure><div class=\"wp-block-media-text__content\">\n<p>Ach du meine G\u00fcte. Augen reiben und schnell ein zweiter Blick. Die FDP mit einem sozialen Aufmacher?<br>Die FDP will nicht die Mieten erh\u00f6hen? Die Wohnungnot mindern?<br>Ja, aber da verdienen doch die Spezl Grundbesitzer und Immobilenfonds nix mehr.<br><br>Nun, Nachtigall &#8230;<br>Zwischen den Zeilen kann man ja doch was ahnen. Im Grund winkt der Zaunpfahl schon, aber die erstblickliche \u00dcberraschung steckt noch ein bisschen in den Windungen und die F\u00fc\u00dfe reagieren etwas fl\u00fcssiger. Um die Ecke ist ja noch ein Plakat.<\/p>\n<\/div><\/div>\n\n\n\n<div class=\"wp-block-media-text has-media-on-the-right is-stacked-on-mobile\" style=\"grid-template-columns:auto 40%\"><div class=\"wp-block-media-text__content\">\n<p>Ja, und da verraten sie sich dann umgehend.<br>Die Welt ist &#8211; nun leider nicht wieder in Ordnung, im Gegenteil -, aber die Fronten sind wieder so klar wie eh und je.<br>Bauen, Bauen, Bauen! Wo es nur geht.<br><br>Komisch. Da funkte doch auf dem ersten Plakat glatt etwas Schneid durch, etwas Kreativit\u00e4t und auch fast ein bisschen Gewieftheit. Das passte irgendwie zum gewinnend dreinschauenden Herrn Hoffmann dar\u00fcber. Futsch!<br>Auf dem zweiten Motiv bleibt im Grinsen dann nur noch Ignoranz, Arroganz und Hohn f\u00fcr die Mieter, deren Miete angeblich nicht erh\u00f6ht werden sollte sowie f\u00fcr M\u00fcnchens Klimabilanz.<br><br>Da braucht es das dritte Motiv eigentlich kaum noch.<br><\/p>\n<\/div><figure class=\"wp-block-media-text__media\"><img loading=\"lazy\" decoding=\"async\" width=\"768\" height=\"1024\" src=\"http:\/\/www.sporin.de\/forum\/sporin.de\/forum\/wp-content\/uploads\/2026\/03\/IMG_20251226_195106_632-768x1024.jpg\" alt=\"Wahlplakat J\u00f6rg Hoffmann OB-Kandidat der FDP: Skyline statt Stillstand. M\u00fcnchen muss wieder bauen d\u00fcrfen. Auch nach oben.\" class=\"wp-image-1568 size-full\" srcset=\"http:\/\/www.sporin.de\/forum\/sporin.de\/forum\/wp-content\/uploads\/2026\/03\/IMG_20251226_195106_632-768x1024.jpg 768w, http:\/\/www.sporin.de\/forum\/sporin.de\/forum\/wp-content\/uploads\/2026\/03\/IMG_20251226_195106_632-225x300.jpg 225w, http:\/\/www.sporin.de\/forum\/sporin.de\/forum\/wp-content\/uploads\/2026\/03\/IMG_20251226_195106_632-1152x1536.jpg 1152w, http:\/\/www.sporin.de\/forum\/sporin.de\/forum\/wp-content\/uploads\/2026\/03\/IMG_20251226_195106_632.jpg 1512w\" sizes=\"auto, (max-width: 768px) 100vw, 768px\" \/><\/figure><\/div>\n\n\n\n<div class=\"wp-block-media-text is-stacked-on-mobile\" style=\"grid-template-columns:46% auto\"><figure class=\"wp-block-media-text__media\"><img decoding=\"async\" src=\"http:\/\/www.sporin.de\/forum\/sporin.de\/forum\/wp-content\/uploads\/2026\/03\/IMG_20260107_184511_556-768x1024.jpg\" alt=\"Wahlplakat Dagmar F\u00f6st-Reich der FDP: Ne Wohnung \u00fcber dem Nudelregal? Wohnraumideen fangen beim Supermarktdach an.\" class=\"wp-image-1569 size-full\"\/><\/figure><div class=\"wp-block-media-text__content\">\n<p>Der Vollst\u00e4ndigkeit halber sei es aber nicht verschwiegen.<\/p>\n\n\n\n<p>Inhaltlich irgendwo zwischen den beiden anderen, wobei mir der Humor nicht gleich so eingeht.<br>Will sie Wohnungen auf Superm\u00e4rkten bauen &#8211; sprich in bester Lage &#8211; und diese dann zu nicht erh\u00f6hten Mieten, also zum gleichen Preis wie bisherige Wohnungen in guter Lage, anbieten?<br>Oder meint sie den Film &#8222;Roofman&#8220; mit Channing Tatum?<br>Nein, ich glaube da fehlt mir die richtige Phantasie.<br><br>Ein Schuft, wer b\u00f6ses dabei denkt oder Nomen est Omen. Frau Bindestrich &#8222;Reich&#8220; hat irgendwie nochmal das gleiche Thema. Bauen, Bauen, Bauen.<\/p>\n<\/div><\/div>\n\n\n\n<p>Nur grinst sie etwas gef\u00e4hrlicher als ihr OB-Kandidat. &#8211; Doch, die macht mir irgendwie Angst.<\/p>\n\n\n\n<figure class=\"wp-block-image size-large\"><a href=\"http:\/\/www.sporin.de\/forum\/sporin.de\/forum\/wp-content\/uploads\/2026\/03\/IMG_20260128_134735_325.jpg\"><img loading=\"lazy\" decoding=\"async\" width=\"1024\" height=\"659\" src=\"http:\/\/www.sporin.de\/forum\/sporin.de\/forum\/wp-content\/uploads\/2026\/03\/IMG_20260128_134735_325-1024x659.jpg\" alt=\"Die Wahlplakate wurden ein Stockwerk hinuntergeworfen zum U-Bahneingang und liegen auf dem Boden.\" class=\"wp-image-1571\" srcset=\"http:\/\/www.sporin.de\/forum\/sporin.de\/forum\/wp-content\/uploads\/2026\/03\/IMG_20260128_134735_325-1024x659.jpg 1024w, http:\/\/www.sporin.de\/forum\/sporin.de\/forum\/wp-content\/uploads\/2026\/03\/IMG_20260128_134735_325-300x193.jpg 300w, http:\/\/www.sporin.de\/forum\/sporin.de\/forum\/wp-content\/uploads\/2026\/03\/IMG_20260128_134735_325-768x494.jpg 768w, http:\/\/www.sporin.de\/forum\/sporin.de\/forum\/wp-content\/uploads\/2026\/03\/IMG_20260128_134735_325.jpg 1345w\" sizes=\"auto, (max-width: 1024px) 100vw, 1024px\" \/><\/a><\/figure>\n\n\n\n<p>Ja, und eine Woche sp\u00e4ter, da lagen sie dann eine Etage tiefer am Abgang zur U-Bahn darnieder.<\/p>\n\n\n\n<div class=\"wp-block-media-text is-stacked-on-mobile\"><figure class=\"wp-block-media-text__media\"><img loading=\"lazy\" decoding=\"async\" width=\"768\" height=\"1024\" src=\"http:\/\/www.sporin.de\/forum\/sporin.de\/forum\/wp-content\/uploads\/2026\/03\/IMG_20260128_134752_003-1-768x1024.jpg\" alt=\"Die Wahlplakate wurden ein Stockwerk hinuntergeworfen zum U-Bahneingang und liegen auf dem Boden.\" class=\"wp-image-1573 size-full\" srcset=\"http:\/\/www.sporin.de\/forum\/sporin.de\/forum\/wp-content\/uploads\/2026\/03\/IMG_20260128_134752_003-1-768x1024.jpg 768w, http:\/\/www.sporin.de\/forum\/sporin.de\/forum\/wp-content\/uploads\/2026\/03\/IMG_20260128_134752_003-1-225x300.jpg 225w, http:\/\/www.sporin.de\/forum\/sporin.de\/forum\/wp-content\/uploads\/2026\/03\/IMG_20260128_134752_003-1-1152x1536.jpg 1152w, http:\/\/www.sporin.de\/forum\/sporin.de\/forum\/wp-content\/uploads\/2026\/03\/IMG_20260128_134752_003-1.jpg 1512w\" sizes=\"auto, (max-width: 768px) 100vw, 768px\" \/><\/figure><div class=\"wp-block-media-text__content\">\n<p>Da hat sich jemand so richtig ge\u00e4rgert und etwas Luft gemacht.<br><br>Schadenfreude liegt mir fern, aber so ist das in der Politik. Wer nicht polarisiert oder gar mal ein wenig provoziert wird \u00fcbersehen.<br>Also gilt es alles auf eine Karte oder einen dreier Plakatst\u00e4nder zu setzen und aufzufallen. Da f\u00e4llt man schon mal den falschen auf. Aber wer nicht wagt, der nicht gewinnt, gell.<br><br>Anderen ergeht es da \u00fcbrigens auch nicht besser.<br>Hier mag jeder selbst entscheiden wes OB-Kandidaten Plakatschicksal das schlimmere ist.<\/p>\n<\/div><\/div>\n\n\n\n<div class=\"wp-block-media-text has-media-on-the-right is-stacked-on-mobile\"><div class=\"wp-block-media-text__content\">\n<p>Das des lachenden Hoffmann oder das des B mit der Brille.<br><br>Der B hat ja ganz flei\u00dfige Anh\u00e4nger, die ganz viele seine Bilder bemalen. Aber die CSU ist schnell, wenns ums Austauschen geht.<br><br>Apropos. Ist das eigentlich ein gelungenes Logo?<br><br>Man m\u00fcsste das B vielleicht mal drehen und mit der Brille horizontal ansehen &#8230;<br><br>Aber das f\u00fchrt hier zu weit. Das ist ja Stoff f\u00fcr einen weiteren Plattschuss aktuell, gell.<\/p>\n<\/div><figure class=\"wp-block-media-text__media\"><img loading=\"lazy\" decoding=\"async\" width=\"768\" height=\"1024\" src=\"http:\/\/www.sporin.de\/forum\/sporin.de\/forum\/wp-content\/uploads\/2026\/03\/IMG_20260127_075957_451-1-768x1024.jpg\" alt=\"Wahlplakat Clemens Baumg\u00e4rtner OB-Kandidat der CSU.\nJemand hat ihm eine Schweinenase gemalt.\" class=\"wp-image-1575 size-full\" srcset=\"http:\/\/www.sporin.de\/forum\/sporin.de\/forum\/wp-content\/uploads\/2026\/03\/IMG_20260127_075957_451-1-768x1024.jpg 768w, http:\/\/www.sporin.de\/forum\/sporin.de\/forum\/wp-content\/uploads\/2026\/03\/IMG_20260127_075957_451-1-225x300.jpg 225w, http:\/\/www.sporin.de\/forum\/sporin.de\/forum\/wp-content\/uploads\/2026\/03\/IMG_20260127_075957_451-1-1152x1536.jpg 1152w, http:\/\/www.sporin.de\/forum\/sporin.de\/forum\/wp-content\/uploads\/2026\/03\/IMG_20260127_075957_451-1.jpg 1512w\" sizes=\"auto, (max-width: 768px) 100vw, 768px\" \/><\/figure><\/div>\n","protected":false},"excerpt":{"rendered":"<p>Ach du meine G\u00fcte. Augen reiben und schnell ein zweiter Blick. Die FDP mit einem sozialen Aufmacher?Die FDP will nicht die Mieten erh\u00f6hen? Die Wohnungnot mindern?Ja, aber da verdienen doch die Spezl Grundbesitzer und Immobilenfonds nix mehr. Nun, Nachtigall &#8230;Zwischen &hellip; <a href=\"http:\/\/www.sporin.de\/forum\/plattschuss-aktuell\/freie-sozialisten-oder-bauherr-im-schafspelz\/\">Lesen fortsetzen <span class=\"meta-nav\">&rarr;<\/span><\/a><\/p>\n","protected":false},"author":1,"featured_media":0,"comment_status":"open","ping_status":"open","sticky":false,"template":"","format":"standard","meta":{"footnotes":""},"categories":[241],"tags":[933,454,934,932,931,935,940,936,939,938,937,74],"class_list":["post-1566","post","type-post","status-publish","format-standard","hentry","category-plattschuss-aktuell","tag-baumgaertner","tag-brille","tag-brillenb","tag-csu","tag-fdp","tag-hoffmann","tag-kanditat","tag-ob-kandidat","tag-plakat","tag-polarisieren","tag-provozieren","tag-wahl"],"_links":{"self":[{"href":"http:\/\/www.sporin.de\/forum\/wp-json\/wp\/v2\/posts\/1566","targetHints":{"allow":["GET"]}}],"collection":[{"href":"http:\/\/www.sporin.de\/forum\/wp-json\/wp\/v2\/posts"}],"about":[{"href":"http:\/\/www.sporin.de\/forum\/wp-json\/wp\/v2\/types\/post"}],"author":[{"embeddable":true,"href":"http:\/\/www.sporin.de\/forum\/wp-json\/wp\/v2\/users\/1"}],"replies":[{"embeddable":true,"href":"http:\/\/www.sporin.de\/forum\/wp-json\/wp\/v2\/comments?post=1566"}],"version-history":[{"count":15,"href":"http:\/\/www.sporin.de\/forum\/wp-json\/wp\/v2\/posts\/1566\/revisions"}],"predecessor-version":[{"id":1594,"href":"http:\/\/www.sporin.de\/forum\/wp-json\/wp\/v2\/posts\/1566\/revisions\/1594"}],"wp:attachment":[{"href":"http:\/\/www.sporin.de\/forum\/wp-json\/wp\/v2\/media?parent=1566"}],"wp:term":[{"taxonomy":"category","embeddable":true,"href":"http:\/\/www.sporin.de\/forum\/wp-json\/wp\/v2\/categories?post=1566"},{"taxonomy":"post_tag","embeddable":true,"href":"http:\/\/www.sporin.de\/forum\/wp-json\/wp\/v2\/tags?post=1566"}],"curies":[{"name":"wp","href":"https:\/\/api.w.org\/{rel}","templated":true}]}}