{"id":1424,"date":"2015-06-06T14:46:04","date_gmt":"2015-06-06T12:46:04","guid":{"rendered":"http:\/\/www.sporin.de\/forum\/?p=1424"},"modified":"2015-07-14T19:59:25","modified_gmt":"2015-07-14T17:59:25","slug":"ueberraschungsweltmeisterschaft","status":"publish","type":"post","link":"http:\/\/www.sporin.de\/forum\/spott\/ueberraschungsweltmeisterschaft\/","title":{"rendered":"\u00dcberraschungsweltmeisterschaft"},"content":{"rendered":"<p style=\"text-align: justify;\">Menschenskinder, heute beginnt die Fu\u00dfballweltmeisterschaft in Kanada!<br \/>\nUnd die Deutsche Nationalfrauschaft tritt morgen um 22 Uhr an. Und?<br \/>\nKr\u00e4ht mal wieder kein Hahn danach. Nicht mal ein Huhn. Die Zeitung berichtet dar\u00fcber mit keinem Wort auf dem Titel, sondern sch\u00f6n aufger\u00e4umt im Sportteil und dort auch erst auf der dritten Seite. Der Aufmacher des Sportteils ist nat\u00fcrlich Juve-Barca. Auf Seite zwei irgendein regionales Gepl\u00e4nkel und bisschen FIFA, da ist wohl immer noch nicht genug gesagt.<\/p>\n<p style=\"text-align: justify;\">Warum interessiert sich keiner f\u00fcr Frauenfu\u00dfball? Nicht mal die Frauen. Mag das daran liegen, dass die deutschen Damen 2011 im eigenen Land das Viertelfinale nicht \u00fcberstanden. Ach was, daf\u00fcr gewannen sie doch 2013 die Europameisterschaft. Allerdings auch ziemlich unbemerkt (vgl. Forumsbeitrag: <a href=\"http:\/\/www.sporin.de\/forum\/wochte-am-sonntag\/wissenstuecken\/\" target=\"_blank\">Wissenst\u00fccken<\/a>).<\/p>\n<p style=\"text-align: justify;\">Zeitlich ist Kanada nat\u00fcrlich nicht ideal. Dazu heute noch das Endspiel der Champions League mit Ansto\u00df in Berlin um 20.45 Uhr. Das ist klar die Pole Postition. Aber sind wir doch mal ehrlich, erstens h\u00e4tte es bei der Herrenweltmeisterschaft schon gar kein Champions League Endspiel am selben Tag gegeben &#8211; auch, wenn die UEFA der FIFA zur Zeit gerne eins auswischt &#8211; und zweitens h\u00e4tte ein Anpfiff erst um 0.00 Uhr doch am Samstag auch keinen geschreckt. Die Titelseite der Tageszeitung h\u00e4tte nur ein Thema gehabt und es h\u00e4tte seit Wochen Sportsonderteile gegeben.<\/p>\n<p style=\"text-align: justify;\">Um 17.05 Uhr beginnt bereits die Berichterstattung mit der Sendung &#8222;hallo FINALE&#8220; vom Brandenburger Tor. Das ist weit mehr als drei Stunden vor dem Spiel. Abgesehen davon, dass man sich \u00fcber die Programmredaktion regelm\u00e4\u00dfig aufregen kann, ist das doch ein Affront gegen\u00fcber den Damen, bei denen die Berichterstattung zum WM-Auftakt um 23.45 Uhr, also exakt eine Viertelstunde vorher beginnt. Gut, da spielt der Gastgeber Kanada gegen China, aber Turin und Barcelona sind nun beileibe auch keine deutschen Mannschaften. Man mag der Programmredaktion zugestehen wollen, dass sie auch lieber eine deutsche Mannschaft im Finale gehabt h\u00e4tte und die Bayern auch so entfernt davon nicht waren. Aber &#8222;hallo FINALE&#8220; 220 Minuten vor dem Anpfiff? Ein Musikantenstadel w\u00e4re mehr Kultur.<\/p>\n<p style=\"text-align: justify;\">Am FIFA Skandal kann es auch nicht liegen, der ist nun wirklich erst mal durchbesprochen. Es h\u00e4tte also eigentlich gerade noch gereicht, um die Aufmerksamkeit herumzurei\u00dfen. H\u00f6chstens k\u00f6nnte man glauben, die Amis wollten mit ihren Amtshilfeantr\u00e4gen an die Schweiz, den Nachbarn aus Kanada die Schau stehlen. Nein, Quatsch, die Amis sind gerade bei den Frauen ziemlich fu\u00dfballverr\u00fcckt.<\/p>\n<p style=\"text-align: justify;\">Also muss es andere Gr\u00fcnde haben. Damentennis wird doch auch geguckt oder nicht. Sogar von Fu\u00dfballern. Also zumindest vom Basti. Naja, ansonsten wird Tennis, seit Steffi und Boris abtraten, wohl mehr oder weniger auch nur noch von Tennisv\u00e4tern geguckt. Es scheint, mangels anderer Erkl\u00e4rung, dass das letztenendes bei Damenfu\u00dfball wohl so \u00e4hnlich sein muss. Also M\u00fctter und V\u00e4ter von Fu\u00dfballm\u00e4dels, viel Spa\u00df heut Nacht.<\/p>\n","protected":false},"excerpt":{"rendered":"<p>Menschenskinder, heute beginnt die Fu\u00dfballweltmeisterschaft in Kanada! Und die Deutsche Nationalfrauschaft tritt morgen um 22 Uhr an. Und? Kr\u00e4ht mal wieder kein Hahn danach. Nicht mal ein Huhn. Die Zeitung berichtet dar\u00fcber mit keinem Wort auf dem Titel, sondern sch\u00f6n &hellip; <a href=\"http:\/\/www.sporin.de\/forum\/spott\/ueberraschungsweltmeisterschaft\/\">Lesen fortsetzen <span class=\"meta-nav\">&rarr;<\/span><\/a><\/p>\n","protected":false},"author":1,"featured_media":0,"comment_status":"open","ping_status":"open","sticky":false,"template":"","format":"standard","meta":{"footnotes":""},"categories":[3],"tags":[827,828,11,810,640,822,823,819,9,814,811,825,821,8,808,812,816,817,813,815,824,807,826,818,809,820,266],"class_list":["post-1424","post","type-post","status-publish","format-standard","hentry","category-spott","tag-amtshilfe","tag-amtshilfeantrag","tag-anpfiff","tag-champions-league","tag-damen","tag-damenfussball","tag-damentennis","tag-endspiel","tag-europameisterschaft","tag-fc-barcelona","tag-fifa","tag-finale","tag-frauen","tag-fusball","tag-fussballweltmeisterschaft","tag-geplaenkel","tag-hahn","tag-huhn","tag-juventus-turin","tag-kanada","tag-musikantenstadel","tag-nationalfrauschaft","tag-programmredaktion","tag-sportteil","tag-tageszeitung","tag-uefa","tag-weltmeisterschaft"],"_links":{"self":[{"href":"http:\/\/www.sporin.de\/forum\/wp-json\/wp\/v2\/posts\/1424","targetHints":{"allow":["GET"]}}],"collection":[{"href":"http:\/\/www.sporin.de\/forum\/wp-json\/wp\/v2\/posts"}],"about":[{"href":"http:\/\/www.sporin.de\/forum\/wp-json\/wp\/v2\/types\/post"}],"author":[{"embeddable":true,"href":"http:\/\/www.sporin.de\/forum\/wp-json\/wp\/v2\/users\/1"}],"replies":[{"embeddable":true,"href":"http:\/\/www.sporin.de\/forum\/wp-json\/wp\/v2\/comments?post=1424"}],"version-history":[{"count":7,"href":"http:\/\/www.sporin.de\/forum\/wp-json\/wp\/v2\/posts\/1424\/revisions"}],"predecessor-version":[{"id":1433,"href":"http:\/\/www.sporin.de\/forum\/wp-json\/wp\/v2\/posts\/1424\/revisions\/1433"}],"wp:attachment":[{"href":"http:\/\/www.sporin.de\/forum\/wp-json\/wp\/v2\/media?parent=1424"}],"wp:term":[{"taxonomy":"category","embeddable":true,"href":"http:\/\/www.sporin.de\/forum\/wp-json\/wp\/v2\/categories?post=1424"},{"taxonomy":"post_tag","embeddable":true,"href":"http:\/\/www.sporin.de\/forum\/wp-json\/wp\/v2\/tags?post=1424"}],"curies":[{"name":"wp","href":"https:\/\/api.w.org\/{rel}","templated":true}]}}