{"id":1149,"date":"2013-09-20T16:19:20","date_gmt":"2013-09-20T14:19:20","guid":{"rendered":"http:\/\/www.sporin.de\/forum\/?p=1149"},"modified":"2014-04-08T18:25:14","modified_gmt":"2014-04-08T16:25:14","slug":"wahlverbrechen","status":"publish","type":"post","link":"http:\/\/www.sporin.de\/forum\/plattschuss-aktuell\/wahlverbrechen\/","title":{"rendered":"Plattschuss aktuell: Wahlverbrechen"},"content":{"rendered":"<p style=\"text-align: justify;\">Moment mal, was sticht mir da ins Auge? Das kann ja gar nicht sein. Ich dachte soeben, da w\u00e4re diese kleine Sonnenblume gewesen. Das Logo der Gr\u00fcnen, aber da hab ich mich sicher get\u00e4uscht. <a href=\"http:\/\/www.sporin.de\/forum\/wp-content\/uploads\/2013\/09\/UND_DU_.gif\"><img loading=\"lazy\" decoding=\"async\" class=\"size-full wp-image-1150 alignright\" title=\"Und Du?\" alt=\"UND_DU_\" src=\"http:\/\/www.sporin.de\/forum\/wp-content\/uploads\/2013\/09\/UND_DU_.gif\" width=\"365\" height=\"286\" \/><\/a> Im Vorbeigehen kann man sich ja schnell mal vergucken. &#8211; Aber wenn doch nicht? &#8211; Jetzt bin ich nat\u00fcrlich erst richtig neugierig geworden. Also noch mal die paar Schritte zur\u00fcck. &#8211; Und?<\/p>\n<p style=\"text-align: justify;\">Es war doch so. &#8211; Muss man dazu noch was sagen?<\/p>\n<p style=\"text-align: justify;\">Eigentlich komme ich mir mit jedem weiteren Wort schon ein bisschen bl\u00f6d vor. &#8211; Ganz offenbar muss man aber dazu doch noch was sagen. Es reicht nicht, dass die Gemeinden seit geraumer Zeit ihre liebe M\u00fche mit st\u00e4ndig \u00fcberquellenden M\u00fclleimern haben. Besonders bei sch\u00f6nem Wetter sieht man die Gehwege und Parks vor lauter Pappbechern mit Plastikdeckeln schon kaum mehr. Losgetreten von kalifornischen Firmen und deutschen Firmen, die auf kalifornische Firmen machen. Eine Plage, das ist allseits schon beklagt, einzig, die Gemeinden wissen noch keine rechte L\u00f6sung. Hier und da wird erwogen, gr\u00f6\u00dfere M\u00fclleimer aufzustellen oder h\u00e4ufiger zu leeren. Soweit bisher der Diskussionsstand.<\/p>\n<p style=\"text-align: justify;\"><a href=\"http:\/\/www.sporin.de\/forum\/wp-content\/uploads\/2013\/09\/UND_DU_nah.gif\"><img loading=\"lazy\" decoding=\"async\" class=\"alignleft size-full wp-image-1151\" alt=\"UND_DU_nah\" src=\"http:\/\/www.sporin.de\/forum\/wp-content\/uploads\/2013\/09\/UND_DU_nah.gif\" width=\"151\" height=\"246\" \/><\/a>Die ehemalige selbsternannte Umweltpartei scheint den Diskussionsstand indes nicht zu kennen. Kunstst\u00fcck, so ein bl\u00f6des altes P\u00e4derastenproblem immer wieder nachgetragen zu bekommen, wieder und wieder, das kann einen schon aufhalten. Alles Abwarten und Ausweichen hilft da einfach nicht.<br \/>\nWas die taz nicht drucken wollte, hat jetzt am letzten Sonntag einfach die FAZ gedruckt (<a href=\"http:\/\/www.faz.net\/aktuell\/politik\/inland\/paedophilie-vorwuerfe-sexuelle-befreiung-12573910.html\" target=\"_blank\">Artikel v. Chr. F\u00fcller, 14.9.13<\/a>). Und schon hat Oberdosenpfandminister Trittin einen Tag darauf erstmals Fehler einger\u00e4umt. Zu Beginn der letzten Woche vor der Wahl. Ausgerechnet jetzt kam das Ergebnis der angeblich bereits im Mai in Aufrag gegebenen Studie zur P\u00e4dophilie-Aff\u00e4re. W\u00e4re er damit nicht so abgelenkt gewesen, dann h\u00e4tter er sicher l\u00e4ngst was gegen die Pfandfreiheit der bl\u00f6den Kaffeebecher unternommen.<\/p>\n<p style=\"text-align: justify;\">Eines aber kann man Trittin nicht vorwerfen, er hat die bl\u00f6de Idee mit den Wahlkaffeebechern zwar nicht verhindert und er hat auch an den Wahlst\u00e4nden kein Pfand daf\u00fcr nehmen lassen, aber er hat das Getr\u00e4nk nicht auch noch selbst angenommen und den Becher weggeworfen. \u00dcber Geschmack l\u00e4sst sich ja nicht streiten, aber so einen Lippenstift tr\u00e4gt er nicht. Zumindest nicht in der \u00d6ffentlichkeit.<\/p>\n","protected":false},"excerpt":{"rendered":"<p>Moment mal, was sticht mir da ins Auge? Das kann ja gar nicht sein. Ich dachte soeben, da w\u00e4re diese kleine Sonnenblume gewesen. Das Logo der Gr\u00fcnen, aber da hab ich mich sicher get\u00e4uscht. Im Vorbeigehen kann man sich ja &hellip; <a href=\"http:\/\/www.sporin.de\/forum\/plattschuss-aktuell\/wahlverbrechen\/\">Lesen fortsetzen <span class=\"meta-nav\">&rarr;<\/span><\/a><\/p>\n","protected":false},"author":1,"featured_media":0,"comment_status":"open","ping_status":"open","sticky":false,"template":"","format":"standard","meta":{"footnotes":""},"categories":[241],"tags":[673,674,677,671,548,668,676,670,675,669,672,74],"class_list":["post-1149","post","type-post","status-publish","format-standard","hentry","category-plattschuss-aktuell","tag-abwarten","tag-ausweichen","tag-blod","tag-dosenpfand","tag-geschmack","tag-grune","tag-lippenstift","tag-pappbecher","tag-pfand","tag-sonnenblume","tag-umwelt","tag-wahl"],"_links":{"self":[{"href":"http:\/\/www.sporin.de\/forum\/wp-json\/wp\/v2\/posts\/1149","targetHints":{"allow":["GET"]}}],"collection":[{"href":"http:\/\/www.sporin.de\/forum\/wp-json\/wp\/v2\/posts"}],"about":[{"href":"http:\/\/www.sporin.de\/forum\/wp-json\/wp\/v2\/types\/post"}],"author":[{"embeddable":true,"href":"http:\/\/www.sporin.de\/forum\/wp-json\/wp\/v2\/users\/1"}],"replies":[{"embeddable":true,"href":"http:\/\/www.sporin.de\/forum\/wp-json\/wp\/v2\/comments?post=1149"}],"version-history":[{"count":34,"href":"http:\/\/www.sporin.de\/forum\/wp-json\/wp\/v2\/posts\/1149\/revisions"}],"predecessor-version":[{"id":1286,"href":"http:\/\/www.sporin.de\/forum\/wp-json\/wp\/v2\/posts\/1149\/revisions\/1286"}],"wp:attachment":[{"href":"http:\/\/www.sporin.de\/forum\/wp-json\/wp\/v2\/media?parent=1149"}],"wp:term":[{"taxonomy":"category","embeddable":true,"href":"http:\/\/www.sporin.de\/forum\/wp-json\/wp\/v2\/categories?post=1149"},{"taxonomy":"post_tag","embeddable":true,"href":"http:\/\/www.sporin.de\/forum\/wp-json\/wp\/v2\/tags?post=1149"}],"curies":[{"name":"wp","href":"https:\/\/api.w.org\/{rel}","templated":true}]}}